[{"@context":"https:\/\/schema.org\/","@type":"Article","@id":"https:\/\/www.nemha.sk\/sebavedomie-je-potreba\/#Article","mainEntityOfPage":"https:\/\/www.nemha.sk\/sebavedomie-je-potreba\/","headline":"Sebavedomie je potreba","name":"Sebavedomie je potreba","description":"Sebavedomie je vec, ktor\u00fa ovplyv\u0148uje celkom dos\u0165 faktorov. A ak\u00e9 to s\u00fa a ako z\u00edska\u0165 sebavedomie? To v\u0161etko si povieme v dne\u0161nom \u010dl\u00e1nku. Sebavedomie je vec, ktor\u00e1 sa n\u00e1m vlastne tvor\u00ed u\u017e od n\u00e1\u0161ho detstva. M\u00f4\u017ee by\u0165 ovplyvnen\u00e9 r\u00f4znymi faktormi, prostred\u00edm, v ktorom \u017eijeme, \u013eu\u010fmi, ktor\u00fdmi sa obklopujeme a tak podobne. Ka\u017ed\u00fd by sa mal ma\u0165 r\u00e1d a neporovn\u00e1va\u0165 sa [&hellip;]","datePublished":"2024-01-14","dateModified":"2024-02-20","author":{"@type":"Person","@id":"https:\/\/www.nemha.sk\/author\/devene\/#Person","name":"devene","url":"https:\/\/www.nemha.sk\/author\/devene\/","identifier":1,"image":{"@type":"ImageObject","@id":"https:\/\/secure.gravatar.com\/avatar\/2dfb47fe8ef5e1795dc8fdf9fc01f7f6e0de0c5b588d6a35abd2f00b6a65d2be?s=96&d=mm&r=g","url":"https:\/\/secure.gravatar.com\/avatar\/2dfb47fe8ef5e1795dc8fdf9fc01f7f6e0de0c5b588d6a35abd2f00b6a65d2be?s=96&d=mm&r=g","height":96,"width":96}},"publisher":{"@type":"Organization","name":"nemha.sk","logo":{"@type":"ImageObject","@id":"\/logo.png","url":"\/logo.png","width":600,"height":60}},"image":{"@type":"ImageObject","@id":"https:\/\/www.nemha.sk\/wp-content\/uploads\/pexels-emmy-e-2381069.jpg","url":"https:\/\/www.nemha.sk\/wp-content\/uploads\/pexels-emmy-e-2381069.jpg","height":0,"width":0},"url":"https:\/\/www.nemha.sk\/sebavedomie-je-potreba\/","about":["N\u00e1kupy"],"wordCount":399,"articleBody":"        Sebavedomie je vec, ktor\u00fa ovplyv\u0148uje celkom dos\u0165 faktorov. A ak\u00e9 to s\u00fa a ako z\u00edska\u0165 sebavedomie? To v\u0161etko si povieme v dne\u0161nom \u010dl\u00e1nku. Sebavedomie je vec, ktor\u00e1 sa n\u00e1m vlastne tvor\u00ed u\u017e od n\u00e1\u0161ho detstva. M\u00f4\u017ee by\u0165 ovplyvnen\u00e9 r\u00f4znymi faktormi, prostred\u00edm, v ktorom \u017eijeme, \u013eu\u010fmi, ktor\u00fdmi sa obklopujeme a tak podobne. Ka\u017ed\u00fd by sa mal ma\u0165 r\u00e1d a neporovn\u00e1va\u0165 sa s ostatn\u00fdmi. No \u00e1no, len\u017ee v dne\u0161nej dobe to ide celkom \u0165a\u017eko. Ke\u010f sa pozriete na \u013eud\u00ed, plno z nich rie\u0161ia soci\u00e1lne siete a celebrity, ich \u017eivot, ktor\u00fd vyzer\u00e1 zdanlivo dokonale, ale pritom tomu niekedy tak v\u00f4bec nie je. No \u00e1no, len\u017ee to norm\u00e1lny \u010dlovek jednoducho nem\u00f4\u017ee vedie\u0165.\u010co n\u00e1m m\u00f4\u017ee zrazi\u0165 sebavedomie?M\u00f4\u017ee to by\u0165 napr\u00edklad rodina, alebo nejak\u00e1 \u00fato\u010dn\u00e1 pozn\u00e1mka od spolu\u017eiaka v \u0161kole, ale alebo aj akn\u00e9 na tv\u00e1ri. V \u00favodzovk\u00e1ch iba, ale niekomu to jednoducho hrozne p\u00f4sob\u00ed na psychiku. A \u010do si budeme rozpr\u00e1va\u0165, akn\u00e9 nie je vec, ktor\u00e1 by vyzerala nejako pekne. Ostatn\u00ed sa napr\u00edklad m\u00f4\u017eu \u010dloveku s akn\u00e9 posmieva\u0165 a u\u017e je probl\u00e9m na svete. D\u00f4le\u017eit\u00e9 je si nev\u0161\u00edma\u0165 to, \u010do \u013eudia hovoria, ale s\u00fastredi\u0165 sa s\u00e1m na seba. Nikto nie je dokonal\u00fd, to by sme si v\u0161etci mali pam\u00e4ta\u0165 a pod\u013ea toho sa aj riadi\u0165. A aj ke\u010f je to niekedy \u0165a\u017ek\u00e9, tak by sme mali prejs\u0165 posme\u0161ky druh\u00fdch. To je toti\u017e odraz ich du\u0161e. Maj\u00fa zo seba komplexy a potrebuj\u00fa si ich niekde vybi\u0165. Tak si to vyb\u00edja na n\u00e1s. My by sme si to ale nemali v\u0161\u00edma\u0165 a mali by sme rad\u0161ej \u00eds\u0165 pre\u010d. T\u00edto \u013eudia by si mali uvedomi\u0165, \u017ee fakt niekomu m\u00f4\u017eu sp\u00f4sobi\u0165 depresie a to v\u00f4bec nie je pekn\u00e9, posmieva\u0165 sa im. Ako by sa c\u00edtili oni, keby sa im niekto posmieval? Ka\u017ed\u00e9mu sa m\u00f4\u017ee na tv\u00e1ri objavi\u0165 akn\u00e9, \u010di je to chlapec, alebo diev\u010da, nech m\u00e1 bielu alebo tmav\u00fa ple\u0165, je to \u00faplne jedno. Ale pod\u013ea akn\u00e9 nespozn\u00e1te samotn\u00e9ho \u010dloveka. A verte mi, \u017ee t\u00ed, \u010do sa posmievaj\u00fa ostatn\u00fdm, raz na svoje spr\u00e1vanie doplatia.                                                                                                                                                                                                                                                                                                                                                                                          4.5\/5 - (15 votes)        "},{"@context":"https:\/\/schema.org\/","@type":"BreadcrumbList","itemListElement":[{"@type":"ListItem","position":1,"name":"Sebavedomie je potreba","item":"https:\/\/www.nemha.sk\/sebavedomie-je-potreba\/#breadcrumbitem"}]}]