[{"@context":"https:\/\/schema.org\/","@type":"Article","@id":"https:\/\/www.nemha.sk\/preco-stavit-na-styl-minimalizmu\/#Article","mainEntityOfPage":"https:\/\/www.nemha.sk\/preco-stavit-na-styl-minimalizmu\/","headline":"Pre\u010do stavi\u0165 na \u0161t\u00fdl minimalizmu","name":"Pre\u010do stavi\u0165 na \u0161t\u00fdl minimalizmu","description":"Minimalistick\u00fd \u0161t\u00fdl v\u00a0b\u00fdvan\u00ed oce\u0148uj\u00fa mnoh\u00e9 mlad\u00e9 p\u00e1ry, ktor\u00e9 pri zaria\u010fovan\u00ed svojho domu alebo bytu zvolili pr\u00e1ve tento \u0161t\u00fdl. Ak sa pozrieme na minimalistick\u00fd \u0161t\u00fdl prv\u00fdkr\u00e1t, m\u00f4\u017eeme si myslie\u0165, \u017ee n\u00e1bytku v\u00a0izbe je ve\u013emi m\u00e1lo. To v\u0161ak nie je pravda. V\u00a0izbe je tak\u00fd ist\u00fd n\u00e1bytok, ako pri in\u00fdch \u0161t\u00fdloch \u2013 napr. retro, vintage. Farebne je toti\u017e tak skombinovan\u00fd, \u017ee p\u00f4sob\u00ed akoby [&hellip;]","datePublished":"2019-10-24","dateModified":"2019-10-24","author":{"@type":"Person","@id":"https:\/\/www.nemha.sk\/author\/devene\/#Person","name":"devene","url":"https:\/\/www.nemha.sk\/author\/devene\/","identifier":1,"image":{"@type":"ImageObject","@id":"https:\/\/secure.gravatar.com\/avatar\/2dfb47fe8ef5e1795dc8fdf9fc01f7f6e0de0c5b588d6a35abd2f00b6a65d2be?s=96&d=mm&r=g","url":"https:\/\/secure.gravatar.com\/avatar\/2dfb47fe8ef5e1795dc8fdf9fc01f7f6e0de0c5b588d6a35abd2f00b6a65d2be?s=96&d=mm&r=g","height":96,"width":96}},"publisher":{"@type":"Organization","name":"nemha.sk","logo":{"@type":"ImageObject","@id":"\/logo.png","url":"\/logo.png","width":600,"height":60}},"image":{"@type":"ImageObject","@id":"https:\/\/www.nemha.sk\/wp-content\/uploads\/img_a307435_w16822_t1571585587.jpg","url":"https:\/\/www.nemha.sk\/wp-content\/uploads\/img_a307435_w16822_t1571585587.jpg","height":0,"width":0},"url":"https:\/\/www.nemha.sk\/preco-stavit-na-styl-minimalizmu\/","about":["Domov"],"wordCount":356,"articleBody":"Minimalistick\u00fd \u0161t\u00fdl v\u00a0b\u00fdvan\u00ed oce\u0148uj\u00fa mnoh\u00e9 mlad\u00e9 p\u00e1ry, ktor\u00e9 pri zaria\u010fovan\u00ed svojho domu alebo bytu zvolili pr\u00e1ve tento \u0161t\u00fdl. Ak sa pozrieme na minimalistick\u00fd \u0161t\u00fdl prv\u00fdkr\u00e1t, m\u00f4\u017eeme si myslie\u0165, \u017ee n\u00e1bytku v\u00a0izbe je ve\u013emi m\u00e1lo. To v\u0161ak nie je pravda. V\u00a0izbe je tak\u00fd ist\u00fd n\u00e1bytok, ako pri in\u00fdch \u0161t\u00fdloch \u2013 napr. retro, vintage. Farebne je toti\u017e tak skombinovan\u00fd, \u017ee p\u00f4sob\u00ed akoby v\u00a0izbe bol neust\u00e1le poriadok. Preto tento \u0161t\u00fdl ocenia najm\u00e4 \u013eudia detailn\u00ed a\u00a0pedantn\u00ed.Medzi hlavn\u00e9 znaky minimalizmu patr\u00ed tmav\u00e1 a\u017e \u010dierna farba. Vo v\u00e4\u010d\u0161ine pr\u00edpadov je kombinovan\u00e1 s\u00a0bielou farbou, ale neobch\u00e1dza ani svetl\u00e9 t\u00f3ny. Ak vojdete do minimalisticky zariadenej miestnosti, hne\u010f V\u00e1m udrie do o\u010d\u00ed nejak\u00fd prvok. Ide o\u00a0to, \u017ee minimalisti presadzuj\u00fa, aby v\u00a0miestnosti dominoval a\u00a0vynikal jeden prvok \u2013 m\u00f4\u017ee \u00eds\u0165 napr. o\u00a0svietidlo netradi\u010dn\u00e9ho tvaru, zauj\u00edmavo spracovan\u00fd konferen\u010dn\u00fd stol\u00edk, koberec alebo seda\u010dka. Mo\u017enost\u00ed je ve\u013ea a\u00a0v\u00fdber tak\u00e9hoto prvku z\u00e1le\u017e\u00ed len od V\u00e1\u0161ho vkusu.Minimalisti tie\u017e v\u00a0zaria\u010fovan\u00ed domova preferuj\u00fa, ak v\u0161etok n\u00e1bytok, doplnky a\u00a0dekor\u00e1cie boli jednoduch\u00e9 (okrem dominantn\u00e9ho prvku). Pr\u00e1ve preto tento \u0161t\u00fdl p\u00f4sob\u00ed ve\u013emi elegantne a\u00a0nad\u010dasovo. Svietidl\u00e1, lampy a\u00a0celkovo v\u0161etko osvetlenie spad\u00e1 do kateg\u00f3rie industrializ\u00e1cie. Minimalistick\u00fd \u0161t\u00fdl b\u00fdvania si ale viete prisp\u00f4sobi\u0165 Va\u0161im po\u017eiadavk\u00e1m. Nemus\u00edte kombinova\u0165 len v\u00fdlu\u010dne \u010diernu a\u00a0bielu farbu \u2013 na niekoho t\u00e1to kombin\u00e1cia m\u00f4\u017ee p\u00f4sobi\u0165 deprimovane, pr\u00e1zdno. Ak m\u00e1te radi farby, stavte na kombin\u00e1ciu jednej farby + biela + \u010dierna. Ve\u013emi pekne takto b\u00fdvanie o\u017eiv\u00ed \u017elt\u00e1 alebo tyrkysov\u00e1 farba.Ak m\u00e1te radi drevo, stavte na dreven\u00fa podlahu a\u00a0dreven\u00e9 doplnky v\u00a0kombin\u00e1cii so spom\u00ednanou \u010diernou a\u00a0bielou farbou. A ak by ste si nevedeli da\u0165 rady \u010do s\u00a0\u010d\u00edm kombinova\u0165, nechajte si poradi\u0165 od sk\u00fasenej\u0161\u00edch a\u00a0b\u00fdvajte vo svojom vysn\u00edvanom dome \u010di byte!                                                                                                                                                                                                                                                                                                                                                                                        4\/5 - (7 votes)        "},{"@context":"https:\/\/schema.org\/","@type":"BreadcrumbList","itemListElement":[{"@type":"ListItem","position":1,"name":"Pre\u010do stavi\u0165 na \u0161t\u00fdl minimalizmu","item":"https:\/\/www.nemha.sk\/preco-stavit-na-styl-minimalizmu\/#breadcrumbitem"}]}]