[{"@context":"https:\/\/schema.org\/","@type":"Blog","@id":"https:\/\/www.nemha.sk#Blog","headline":"Nemha","description":"\nKe\u010f sa de\u0148 v pr\u00e1ci \u0165ah\u00e1 ako slim\u00e1k, sme tu pre v\u00e1s. S na\u0161im magaz\u00ednom si m\u00f4\u017eete spr\u00edjemni\u0165 aj t\u00fa najnudnej\u0161iu chv\u00ed\u013eu po\u010das v\u00e1\u0161ho nekone\u010dn\u00e9ho d\u0148a.","url":"https:\/\/www.nemha.sk","hasPart":[{"@type":"Article","@id":"https:\/\/www.nemha.sk\/tasky-kabelky\/","headline":"Ta\u0161ky, kabelky","url":"https:\/\/www.nemha.sk\/tasky-kabelky\/","datePublished":"2018-07-28","dateModified":"2018-07-28","mainEntityOfPage":"https:\/\/www.nemha.sk\/tasky-kabelky\/","author":{"@type":"Person","@id":"https:\/\/www.nemha.sk\/author\/devene\/#Person","name":"devene","url":"https:\/\/www.nemha.sk\/author\/devene\/","identifier":1,"image":{"@type":"ImageObject","@id":"https:\/\/secure.gravatar.com\/avatar\/2dfb47fe8ef5e1795dc8fdf9fc01f7f6e0de0c5b588d6a35abd2f00b6a65d2be?s=96&d=mm&r=g","url":"https:\/\/secure.gravatar.com\/avatar\/2dfb47fe8ef5e1795dc8fdf9fc01f7f6e0de0c5b588d6a35abd2f00b6a65d2be?s=96&d=mm&r=g","height":96,"width":96}},"publisher":{"@type":"Organization","name":"nemha.sk","logo":{"@type":"ImageObject","@id":"\/logo.png","url":"\/logo.png","width":600,"height":60}},"image":{"@type":"ImageObject","@id":"https:\/\/www.nemha.sk\/wp-content\/uploads\/img_a291658_w16598_t1538158412.jpg","url":"https:\/\/www.nemha.sk\/wp-content\/uploads\/img_a291658_w16598_t1538158412.jpg","height":0,"width":0},"wordCount":558,"keywords":null},{"@type":"Article","@id":"https:\/\/www.nemha.sk\/koncom-septembra-2018-mozeme-ocakavat-tv-s-rozlisenim-8k-a-uhloprieckov-85-palcov\/","headline":"Koncom septembra 2018 m\u00f4\u017eeme o\u010dak\u00e1va\u0165 TV s rozl\u00ed\u0161en\u00edm 8K a uhloprie\u010dkov 85 palcov","url":"https:\/\/www.nemha.sk\/koncom-septembra-2018-mozeme-ocakavat-tv-s-rozlisenim-8k-a-uhloprieckov-85-palcov\/","datePublished":"2018-07-05","dateModified":"2018-07-05","mainEntityOfPage":"https:\/\/www.nemha.sk\/koncom-septembra-2018-mozeme-ocakavat-tv-s-rozlisenim-8k-a-uhloprieckov-85-palcov\/","author":{"@type":"Person","@id":"https:\/\/www.nemha.sk\/author\/devene\/#Person","name":"devene","url":"https:\/\/www.nemha.sk\/author\/devene\/","identifier":1,"image":{"@type":"ImageObject","@id":"https:\/\/secure.gravatar.com\/avatar\/2dfb47fe8ef5e1795dc8fdf9fc01f7f6e0de0c5b588d6a35abd2f00b6a65d2be?s=96&d=mm&r=g","url":"https:\/\/secure.gravatar.com\/avatar\/2dfb47fe8ef5e1795dc8fdf9fc01f7f6e0de0c5b588d6a35abd2f00b6a65d2be?s=96&d=mm&r=g","height":96,"width":96}},"publisher":{"@type":"Organization","name":"nemha.sk","logo":{"@type":"ImageObject","@id":"\/logo.png","url":"\/logo.png","width":600,"height":60}},"image":{"@type":"ImageObject","@id":"https:\/\/www.nemha.sk\/wp-content\/uploads\/img_a290851_w16596_t1536167983.jpg","url":"https:\/\/www.nemha.sk\/wp-content\/uploads\/img_a290851_w16596_t1536167983.jpg","height":0,"width":0},"wordCount":504,"keywords":null},{"@type":"Article","@id":"https:\/\/www.nemha.sk\/posledny-exorcista\/","headline":"Posledn\u00fd exorcista","url":"https:\/\/www.nemha.sk\/posledny-exorcista\/","datePublished":"2018-06-20","dateModified":"2018-06-20","mainEntityOfPage":"https:\/\/www.nemha.sk\/posledny-exorcista\/","author":{"@type":"Person","@id":"https:\/\/www.nemha.sk\/author\/devene\/#Person","name":"devene","url":"https:\/\/www.nemha.sk\/author\/devene\/","identifier":1,"image":{"@type":"ImageObject","@id":"https:\/\/secure.gravatar.com\/avatar\/2dfb47fe8ef5e1795dc8fdf9fc01f7f6e0de0c5b588d6a35abd2f00b6a65d2be?s=96&d=mm&r=g","url":"https:\/\/secure.gravatar.com\/avatar\/2dfb47fe8ef5e1795dc8fdf9fc01f7f6e0de0c5b588d6a35abd2f00b6a65d2be?s=96&d=mm&r=g","height":96,"width":96}},"publisher":{"@type":"Organization","name":"nemha.sk","logo":{"@type":"ImageObject","@id":"\/logo.png","url":"\/logo.png","width":600,"height":60}},"image":{"@type":"ImageObject","@id":"https:\/\/www.nemha.sk\/wp-content\/uploads\/img_a290347_w16590_t1534780451.jpg","url":"https:\/\/www.nemha.sk\/wp-content\/uploads\/img_a290347_w16590_t1534780451.jpg","height":0,"width":0},"wordCount":496,"keywords":null},{"@type":"Article","@id":"https:\/\/www.nemha.sk\/je-depresia-choroba-alebo-len-stav-mysle-cloveka\/","headline":"Je depresia choroba alebo len stav mysle \u010dloveka?","url":"https:\/\/www.nemha.sk\/je-depresia-choroba-alebo-len-stav-mysle-cloveka\/","datePublished":"2018-06-02","dateModified":"2018-06-02","mainEntityOfPage":"https:\/\/www.nemha.sk\/je-depresia-choroba-alebo-len-stav-mysle-cloveka\/","author":{"@type":"Person","@id":"https:\/\/www.nemha.sk\/author\/devene\/#Person","name":"devene","url":"https:\/\/www.nemha.sk\/author\/devene\/","identifier":1,"image":{"@type":"ImageObject","@id":"https:\/\/secure.gravatar.com\/avatar\/2dfb47fe8ef5e1795dc8fdf9fc01f7f6e0de0c5b588d6a35abd2f00b6a65d2be?s=96&d=mm&r=g","url":"https:\/\/secure.gravatar.com\/avatar\/2dfb47fe8ef5e1795dc8fdf9fc01f7f6e0de0c5b588d6a35abd2f00b6a65d2be?s=96&d=mm&r=g","height":96,"width":96}},"publisher":{"@type":"Organization","name":"nemha.sk","logo":{"@type":"ImageObject","@id":"\/logo.png","url":"\/logo.png","width":600,"height":60}},"image":{"@type":"ImageObject","@id":"https:\/\/www.nemha.sk\/wp-content\/uploads\/img_a289117_w16573_t1530194012.jpg","url":"https:\/\/www.nemha.sk\/wp-content\/uploads\/img_a289117_w16573_t1530194012.jpg","height":0,"width":0},"wordCount":504,"keywords":null},{"@type":"Article","@id":"https:\/\/www.nemha.sk\/jesen-2018-google-chysta-smart-hodinky-smartfon-a-nove-sluchadla\/","headline":"Jese\u0148 2018: Google chyst\u00e1 smart hodinky, smartf\u00f3n a nov\u00e9 sl\u00fachadl\u00e1","url":"https:\/\/www.nemha.sk\/jesen-2018-google-chysta-smart-hodinky-smartfon-a-nove-sluchadla\/","datePublished":"2018-05-27","dateModified":"2018-05-27","mainEntityOfPage":"https:\/\/www.nemha.sk\/jesen-2018-google-chysta-smart-hodinky-smartfon-a-nove-sluchadla\/","author":{"@type":"Person","@id":"https:\/\/www.nemha.sk\/author\/devene\/#Person","name":"devene","url":"https:\/\/www.nemha.sk\/author\/devene\/","identifier":1,"image":{"@type":"ImageObject","@id":"https:\/\/secure.gravatar.com\/avatar\/2dfb47fe8ef5e1795dc8fdf9fc01f7f6e0de0c5b588d6a35abd2f00b6a65d2be?s=96&d=mm&r=g","url":"https:\/\/secure.gravatar.com\/avatar\/2dfb47fe8ef5e1795dc8fdf9fc01f7f6e0de0c5b588d6a35abd2f00b6a65d2be?s=96&d=mm&r=g","height":96,"width":96}},"publisher":{"@type":"Organization","name":"nemha.sk","logo":{"@type":"ImageObject","@id":"\/logo.png","url":"\/logo.png","width":600,"height":60}},"image":{"@type":"ImageObject","@id":"https:\/\/www.nemha.sk\/wp-content\/uploads\/img_a289978_w2038_t1532692063.jpg","url":"https:\/\/www.nemha.sk\/wp-content\/uploads\/img_a289978_w2038_t1532692063.jpg","height":0,"width":0},"wordCount":531,"keywords":null},{"@type":"Article","@id":"https:\/\/www.nemha.sk\/strava-tajomstvo-uspechu\/","headline":"Strava \u2013 tajomstvo \u00faspechu","url":"https:\/\/www.nemha.sk\/strava-tajomstvo-uspechu\/","datePublished":"2018-05-02","dateModified":"2018-05-02","mainEntityOfPage":"https:\/\/www.nemha.sk\/strava-tajomstvo-uspechu\/","author":{"@type":"Person","@id":"https:\/\/www.nemha.sk\/author\/devene\/#Person","name":"devene","url":"https:\/\/www.nemha.sk\/author\/devene\/","identifier":1,"image":{"@type":"ImageObject","@id":"https:\/\/secure.gravatar.com\/avatar\/2dfb47fe8ef5e1795dc8fdf9fc01f7f6e0de0c5b588d6a35abd2f00b6a65d2be?s=96&d=mm&r=g","url":"https:\/\/secure.gravatar.com\/avatar\/2dfb47fe8ef5e1795dc8fdf9fc01f7f6e0de0c5b588d6a35abd2f00b6a65d2be?s=96&d=mm&r=g","height":96,"width":96}},"publisher":{"@type":"Organization","name":"nemha.sk","logo":{"@type":"ImageObject","@id":"\/logo.png","url":"\/logo.png","width":600,"height":60}},"image":{"@type":"ImageObject","@id":"https:\/\/www.nemha.sk\/wp-content\/uploads\/img_a289256_w16524_t1530548604.jpg","url":"https:\/\/www.nemha.sk\/wp-content\/uploads\/img_a289256_w16524_t1530548604.jpg","height":0,"width":0},"wordCount":563,"keywords":null},{"@type":"Article","@id":"https:\/\/www.nemha.sk\/aky-je-zivot-na-vysokej-skole\/","headline":"Ak\u00fd je \u017eivot na vysokej \u0161kole?","url":"https:\/\/www.nemha.sk\/aky-je-zivot-na-vysokej-skole\/","datePublished":"2018-04-26","dateModified":"2018-04-26","mainEntityOfPage":"https:\/\/www.nemha.sk\/aky-je-zivot-na-vysokej-skole\/","author":{"@type":"Person","@id":"https:\/\/www.nemha.sk\/author\/devene\/#Person","name":"devene","url":"https:\/\/www.nemha.sk\/author\/devene\/","identifier":1,"image":{"@type":"ImageObject","@id":"https:\/\/secure.gravatar.com\/avatar\/2dfb47fe8ef5e1795dc8fdf9fc01f7f6e0de0c5b588d6a35abd2f00b6a65d2be?s=96&d=mm&r=g","url":"https:\/\/secure.gravatar.com\/avatar\/2dfb47fe8ef5e1795dc8fdf9fc01f7f6e0de0c5b588d6a35abd2f00b6a65d2be?s=96&d=mm&r=g","height":96,"width":96}},"publisher":{"@type":"Organization","name":"nemha.sk","logo":{"@type":"ImageObject","@id":"\/logo.png","url":"\/logo.png","width":600,"height":60}},"image":{"@type":"ImageObject","@id":"https:\/\/www.nemha.sk\/wp-content\/uploads\/img_a288932_w16540_t1530022264.jpg","url":"https:\/\/www.nemha.sk\/wp-content\/uploads\/img_a288932_w16540_t1530022264.jpg","height":0,"width":0},"wordCount":605,"keywords":null},{"@type":"Article","@id":"https:\/\/www.nemha.sk\/depresia-z-nedostatku-svetla\/","headline":"Depresia z nedostatku svetla?","url":"https:\/\/www.nemha.sk\/depresia-z-nedostatku-svetla\/","datePublished":"2018-04-25","dateModified":"2024-02-20","mainEntityOfPage":"https:\/\/www.nemha.sk\/depresia-z-nedostatku-svetla\/","author":{"@type":"Person","@id":"https:\/\/www.nemha.sk\/author\/devene\/#Person","name":"devene","url":"https:\/\/www.nemha.sk\/author\/devene\/","identifier":1,"image":{"@type":"ImageObject","@id":"https:\/\/secure.gravatar.com\/avatar\/2dfb47fe8ef5e1795dc8fdf9fc01f7f6e0de0c5b588d6a35abd2f00b6a65d2be?s=96&d=mm&r=g","url":"https:\/\/secure.gravatar.com\/avatar\/2dfb47fe8ef5e1795dc8fdf9fc01f7f6e0de0c5b588d6a35abd2f00b6a65d2be?s=96&d=mm&r=g","height":96,"width":96}},"publisher":{"@type":"Organization","name":"nemha.sk","logo":{"@type":"ImageObject","@id":"\/logo.png","url":"\/logo.png","width":600,"height":60}},"image":{"@type":"ImageObject","@id":"https:\/\/www.nemha.sk\/wp-content\/uploads\/img_a287876_w2010_t1526368239.jpg","url":"https:\/\/www.nemha.sk\/wp-content\/uploads\/img_a287876_w2010_t1526368239.jpg","height":0,"width":0},"wordCount":512,"keywords":null},{"@type":"Article","@id":"https:\/\/www.nemha.sk\/za-menej-penazi-vela-dobrodruzstiev\/","headline":"Za menej pe\u0148az\u00ed, ve\u013ea dobrodru\u017estiev!","url":"https:\/\/www.nemha.sk\/za-menej-penazi-vela-dobrodruzstiev\/","datePublished":"2018-04-11","dateModified":"2018-04-11","mainEntityOfPage":"https:\/\/www.nemha.sk\/za-menej-penazi-vela-dobrodruzstiev\/","author":{"@type":"Person","@id":"https:\/\/www.nemha.sk\/author\/devene\/#Person","name":"devene","url":"https:\/\/www.nemha.sk\/author\/devene\/","identifier":1,"image":{"@type":"ImageObject","@id":"https:\/\/secure.gravatar.com\/avatar\/2dfb47fe8ef5e1795dc8fdf9fc01f7f6e0de0c5b588d6a35abd2f00b6a65d2be?s=96&d=mm&r=g","url":"https:\/\/secure.gravatar.com\/avatar\/2dfb47fe8ef5e1795dc8fdf9fc01f7f6e0de0c5b588d6a35abd2f00b6a65d2be?s=96&d=mm&r=g","height":96,"width":96}},"publisher":{"@type":"Organization","name":"nemha.sk","logo":{"@type":"ImageObject","@id":"\/logo.png","url":"\/logo.png","width":600,"height":60}},"image":{"@type":"ImageObject","@id":"https:\/\/www.nemha.sk\/wp-content\/uploads\/img_a288439_w16522_t1528730406.jpg","url":"https:\/\/www.nemha.sk\/wp-content\/uploads\/img_a288439_w16522_t1528730406.jpg","height":0,"width":0},"wordCount":496,"keywords":null},{"@type":"Article","@id":"https:\/\/www.nemha.sk\/ako-si-vybrat-spravny-elektricky-holiaci-strojcek-pre-rozne-typy-pleti\/","headline":"Ako si vybra\u0165 spr\u00e1vny elektrick\u00fd holiaci stroj\u010dek pre r\u00f4zne typy pleti","url":"https:\/\/www.nemha.sk\/ako-si-vybrat-spravny-elektricky-holiaci-strojcek-pre-rozne-typy-pleti\/","datePublished":"2018-03-28","dateModified":"2018-03-28","mainEntityOfPage":"https:\/\/www.nemha.sk\/ako-si-vybrat-spravny-elektricky-holiaci-strojcek-pre-rozne-typy-pleti\/","author":{"@type":"Person","@id":"https:\/\/www.nemha.sk\/author\/devene\/#Person","name":"devene","url":"https:\/\/www.nemha.sk\/author\/devene\/","identifier":1,"image":{"@type":"ImageObject","@id":"https:\/\/secure.gravatar.com\/avatar\/2dfb47fe8ef5e1795dc8fdf9fc01f7f6e0de0c5b588d6a35abd2f00b6a65d2be?s=96&d=mm&r=g","url":"https:\/\/secure.gravatar.com\/avatar\/2dfb47fe8ef5e1795dc8fdf9fc01f7f6e0de0c5b588d6a35abd2f00b6a65d2be?s=96&d=mm&r=g","height":96,"width":96}},"publisher":{"@type":"Organization","name":"nemha.sk","logo":{"@type":"ImageObject","@id":"\/logo.png","url":"\/logo.png","width":600,"height":60}},"image":{"@type":"ImageObject","@id":"https:\/\/www.nemha.sk\/wp-content\/uploads\/img_a288194_w16499_t1527495392.jpg","url":"https:\/\/www.nemha.sk\/wp-content\/uploads\/img_a288194_w16499_t1527495392.jpg","height":0,"width":0},"wordCount":507,"keywords":null}]},{"@context":"https:\/\/schema.org","@type":"WebSite","@id":"https:\/\/www.nemha.sk\/#website","name":"Nemha","url":"https:\/\/www.nemha.sk","potentialAction":{"@type":"SearchAction","target":"https:\/\/www.nemha.sk\/?s={search_term_string}","query-input":"required name=search_term_string"}}]