[{"@context":"https:\/\/schema.org\/","@type":"Article","@id":"https:\/\/www.nemha.sk\/nechcem-dieta\/#Article","mainEntityOfPage":"https:\/\/www.nemha.sk\/nechcem-dieta\/","headline":"Nechcem die\u0165a","name":"Nechcem die\u0165a","description":"M\u00e1m 27 rokov a net\u00fa\u017eim po tom ma\u0165 deti. S partnerom sme skoro 4roky. Partner m\u00e1 dc\u00e9ru z predo\u0161l\u00e9ho vz\u0165ahu, ale v\u00f4bec sa s \u0148ou nev\u00edda a ja som za to norm\u00e1lne rada, neviem si predstavi\u0165, \u017ee by som ju mala doma. Viem, i\u0161la som s t\u00fdm do toho, ale tro\u0161ku som d\u00fafala, \u017ee ke\u010f dc\u00e9ru m\u00e1, \u017ee by die\u0165a [&hellip;]","datePublished":"2023-04-08","dateModified":"2024-02-20","author":{"@type":"Person","@id":"https:\/\/www.nemha.sk\/author\/devene\/#Person","name":"devene","url":"https:\/\/www.nemha.sk\/author\/devene\/","identifier":1,"image":{"@type":"ImageObject","@id":"https:\/\/secure.gravatar.com\/avatar\/2dfb47fe8ef5e1795dc8fdf9fc01f7f6e0de0c5b588d6a35abd2f00b6a65d2be?s=96&d=mm&r=g","url":"https:\/\/secure.gravatar.com\/avatar\/2dfb47fe8ef5e1795dc8fdf9fc01f7f6e0de0c5b588d6a35abd2f00b6a65d2be?s=96&d=mm&r=g","height":96,"width":96}},"publisher":{"@type":"Organization","name":"nemha.sk","logo":{"@type":"ImageObject","@id":"\/logo.png","url":"\/logo.png","width":600,"height":60}},"image":{"@type":"ImageObject","@id":"https:\/\/www.nemha.sk\/wp-content\/uploads\/couple-560783_1280_10_10_10_10_1.jpg","url":"https:\/\/www.nemha.sk\/wp-content\/uploads\/couple-560783_1280_10_10_10_10_1.jpg","height":0,"width":0},"url":"https:\/\/www.nemha.sk\/nechcem-dieta\/","about":["Domov"],"wordCount":433,"articleBody":"M\u00e1m 27 rokov a net\u00fa\u017eim po tom ma\u0165 deti. S partnerom sme skoro 4roky. Partner m\u00e1 dc\u00e9ru z predo\u0161l\u00e9ho vz\u0165ahu, ale v\u00f4bec sa s \u0148ou nev\u00edda a ja som za to norm\u00e1lne rada, neviem si predstavi\u0165, \u017ee by som ju mala doma. Viem, i\u0161la som s t\u00fdm do toho, ale tro\u0161ku som d\u00fafala, \u017ee ke\u010f dc\u00e9ru m\u00e1, \u017ee by die\u0165a nemusel chcie\u0165 po mne. Opak je pravdou. Ob\u010das si hovor\u00edm, \u017ee by som aspo\u0148 to jedno mohla pre\u017ei\u0165, \u017ee by som \u010dasom mohla \u013eutova\u0165. Ale v\u00f4bec nem\u00e1m matersk\u00e9 pudy a ani sa nerozpl\u00fdvam nad ko\u010d\u00edkmi. Po roku a pol vz\u0165ahu som otehotnela, urobil to naschv\u00e1l a ani pilulka PO mi nezabrala, teda som i\u0161la na interrupciu, nikdy sa mi neu\u013eavilo viac, ne\u017e ke\u010f bolo po v\u0161etkom.Mysl\u00edm si, \u017ee s t\u00fdmto pr\u00edstupom by som asi ani deti ma\u0165 nemala. Ale st\u00e1le prem\u00fd\u0161\u013eam nad t\u00fdm, \u010do sa stane v pr\u00edpade, ke\u010f naozaj deti nebudem chcie\u0165 ani \u010fal\u0161ie roky. Ak ma priate\u013e napr\u00edklad neopust\u00ed. Je fakt, \u017ee sme spolu \u0161tyri roky a to je celkom dos\u0165 dlh\u00e1 doba na to, akoby posun\u00fa\u0165 vz\u0165ah niekam \u010falej. Len\u017ee ja som deti od za\u010diatku nechcela. P\u00f4vodne sme spolu teda za\u010d\u00ednali ako kamar\u00e1ti s v\u00fdhodami a ne\u010dakali sme, \u017ee sa to rozrastie do norm\u00e1lneho vz\u0165ahu. Len\u017ee samozrejme rozr\u00e1stlo.Ale ja som mu e\u0161te pred za\u010diatkom povedala, \u017ee deti vo vz\u0165ahu nechcem a on to po nejakom \u010dase za\u010dal akceptova\u0165. Len\u017ee teraz na m\u0148a zase za\u010dal nalieha\u0165, \u017ee ak\u00e9 by to bolo kr\u00e1sne ma\u0165 spolu die\u0165a a spolu ho vychov\u00e1va\u0165. Len\u017ee die\u0165a je staros\u0165 a ja jednoducho tak\u00fd pocit nem\u00e1m, \u017ee chcem deti. Ko\u013ekokr\u00e1t si pripad\u00e1m divne a ke\u010f sa napr\u00edklad ve\u013emi poh\u00e1dame, tak on mi zrazu za\u010dne hovori\u0165, \u017ee som divn\u00e1. A m\u0148a to samozrejme zran\u00ed, preto\u017ee od svojho priate\u013ea by som sk\u00f4r \u010dakala, \u017ee ma nebude ur\u00e1\u017ea\u0165, ale podporova\u0165. Neviem, ako to m\u00e1m ch\u00e1pa\u0165 a neviem, ako mu m\u00e1m vysvetli\u0165, \u017ee die\u0165a nechcem. Navy\u0161e si mysl\u00edm, \u017ee by som ho ani nezvl\u00e1dla a n\u00fati\u0165 sa do nie\u010doho, to nie je dobr\u00e9. To die\u0165a by potom mo\u017eno str\u00e1dalo a to ja naozaj nechcem.                                                                                                                                                                                                                                                                                                                                                                                        4.4\/5 - (21 votes)        "},{"@context":"https:\/\/schema.org\/","@type":"BreadcrumbList","itemListElement":[{"@type":"ListItem","position":1,"name":"Nechcem die\u0165a","item":"https:\/\/www.nemha.sk\/nechcem-dieta\/#breadcrumbitem"}]}]