[{"@context":"https:\/\/schema.org\/","@type":"Article","@id":"https:\/\/www.nemha.sk\/kde-by-bolo-dietatu-lepsie\/#Article","mainEntityOfPage":"https:\/\/www.nemha.sk\/kde-by-bolo-dietatu-lepsie\/","headline":"Kde by bolo die\u0165a\u0165u lep\u0161ie?","name":"Kde by bolo die\u0165a\u0165u lep\u0161ie?","description":"V\u00e4\u010d\u0161ina z n\u00e1s si na \u0161k\u00f4lku mo\u017eno spom\u00edna ako na predchodcu \u0161koly. Teda ur\u010dit\u00fd re\u017eim, pravidl\u00e1, dobr\u00fd i zl\u00fd kolekt\u00edv, st\u00e1le to ist\u00e9 jedlo a hlave nuda&#8230; No mo\u017eno si to pam\u00e4t\u00e1te. Dnes sa na to samozrejme pozer\u00e1m inak. Som v\u010fa\u010dn\u00fd, \u017ee si pani vychovav\u00e1te\u013eky v \u0161k\u00f4lke na n\u00e1s na\u0161li \u010das. Pr\u00edde mi to ako sympatick\u00e9 povolanie, kedy sa venuj\u00fa [&hellip;]","datePublished":"2017-10-27","dateModified":"2017-10-27","author":{"@type":"Person","@id":"https:\/\/www.nemha.sk\/author\/devene\/#Person","name":"devene","url":"https:\/\/www.nemha.sk\/author\/devene\/","identifier":1,"image":{"@type":"ImageObject","@id":"https:\/\/secure.gravatar.com\/avatar\/2dfb47fe8ef5e1795dc8fdf9fc01f7f6e0de0c5b588d6a35abd2f00b6a65d2be?s=96&d=mm&r=g","url":"https:\/\/secure.gravatar.com\/avatar\/2dfb47fe8ef5e1795dc8fdf9fc01f7f6e0de0c5b588d6a35abd2f00b6a65d2be?s=96&d=mm&r=g","height":96,"width":96}},"publisher":{"@type":"Organization","name":"nemha.sk","logo":{"@type":"ImageObject","@id":"\/logo.png","url":"\/logo.png","width":600,"height":60}},"image":{"@type":"ImageObject","@id":"https:\/\/www.nemha.sk\/wp-content\/uploads\/img_a283960_w16480_t1514392354.jpg","url":"https:\/\/www.nemha.sk\/wp-content\/uploads\/img_a283960_w16480_t1514392354.jpg","height":0,"width":0},"url":"https:\/\/www.nemha.sk\/kde-by-bolo-dietatu-lepsie\/","wordCount":439,"articleBody":" V\u00e4\u010d\u0161ina z n\u00e1s si na \u0161k\u00f4lku mo\u017eno spom\u00edna ako na predchodcu \u0161koly. Teda ur\u010dit\u00fd re\u017eim, pravidl\u00e1, dobr\u00fd i zl\u00fd kolekt\u00edv, st\u00e1le to ist\u00e9 jedlo a hlave nuda&#8230; No mo\u017eno si to pam\u00e4t\u00e1te. Dnes sa na to samozrejme pozer\u00e1m inak. Som v\u010fa\u010dn\u00fd, \u017ee si pani vychovav\u00e1te\u013eky v \u0161k\u00f4lke na n\u00e1s na\u0161li \u010das. Pr\u00edde mi to ako sympatick\u00e9 povolanie, kedy sa venuj\u00fa de\u0165om a tie s\u00fa vlastne na\u0161ou nastupuj\u00facou gener\u00e1ciou. Ale pokia\u013e zv\u00e1\u017eim, \u017ee dnes sa z ka\u017edej strany do\u010d\u00edtame i dopo\u010dujeme o mo\u017enosti a slu\u017eb\u00e1ch s\u00fakromnej \u0161k\u00f4lky, predsa je to rozdiel. Ako deti by sme ju uv\u00edtali zrejme rad\u0161ej. A to predov\u0161etk\u00fdm t\u00ed, ktor\u00ed boli tich\u0161ej povahy a mali rad\u0161ej ten svoj k\u013eud. To je ten kolekt\u00edv. Na jednej strane m\u00e1te deti, ktor\u00e9 ka\u017ed\u00fa min\u00fatu vym\u00fd\u0161\u013eaj\u00fa nejak\u00fa zlobu \u010di \u0161lamastiku a m\u00e1te t\u00fdch tich\u0161\u00edch. Potom nast\u00e1va situ\u00e1cia, kedy sa ve\u013ea t\u00fdch tich\u0161\u00edch podriadi a nechaj\u00fa sa nahovori\u0165 na nezbedn\u00e9 v\u00fdmysly i oni a t\u00ed ostatn\u00ed nezaraden\u00ed zost\u00e1vaj\u00fa bokom. Ak sa die\u0165a prid\u00e1 k t\u00fdm hunc\u00fatom, je zle. Ak sa zd\u00e1 by\u0165 mimo kolekt\u00edvu, zasa je zle. U\u017e v materskej \u0161kole niekedy za\u010d\u00ednaj\u00fa tie prv\u00e9 nezrovnalosti a probl\u00e9my podobn\u00e9 \u0161kole. A pr\u00e1ve aj v tomto smere maj\u00fa ve\u013ek\u00e9 plus s\u00fakromn\u00e9 \u0161kolky. Ku ka\u017ed\u00e9mu die\u0165a\u0165u sa pristupuje individu\u00e1lne, nenechaj\u00fa ho pohlti\u0165 kolekt\u00edvom. Pr\u00edstup je podobn\u00fd, ako keby bolo die\u0165a doma, mimo v\u0161etk\u00fdch nepr\u00edjemnost\u00ed a prv\u00fdch konfliktov. V \u0161k\u00f4lke sa m\u00e1 p\u00e1\u010di\u0165 hlavne va\u0161im de\u0165om a keby sme ako deti vedeli viac, zrejme by sme o \u0148u \u017eiadali takisto. Ja viem, aj die\u0165a sa mus\u00ed pomaly osmelova\u0165 a zasa pre\u017eije i v materskej \u0161k\u00f4lke, aj tam to je zv\u00e4\u010d\u0161a v pohode, ale len re\u00e1lne zrovn\u00e1vam medzi sebou tieto dve alternat\u00edvy, v ktorej ur\u010dite t\u00e1 s\u00fakromn\u00e1 v\u00ed\u0165az\u00ed. Osobne b\u00fdvam v okol\u00ed, kedy m\u00e1m bl\u00edzko domu matersk\u00fa \u0161k\u00f4lku, no i s\u00fakromn\u00e9 zriadenie tohto typu. Z materskej \u0161k\u00f4lky sa v\u017edy oz\u00fdva hukot, z tej druhej vy\u017earuje \u00fapln\u00fd k\u013eud a tich\u00fa\u010dko. T\u00e1 v\u00fdchova zo strany s\u00fakromn\u00e9ho zriadenia je predsa len na inej \u00farovni. Ten individu\u00e1lny pr\u00edstup rob\u00ed svoje.                                                                                                                                                                                                                                                                                                                                                                                        4\/5 - (4 votes)        "},{"@context":"https:\/\/schema.org\/","@type":"BreadcrumbList","itemListElement":[{"@type":"ListItem","position":1,"name":"Kde by bolo die\u0165a\u0165u lep\u0161ie?","item":"https:\/\/www.nemha.sk\/kde-by-bolo-dietatu-lepsie\/#breadcrumbitem"}]}]