[{"@context":"https:\/\/schema.org\/","@type":"Article","@id":"https:\/\/www.nemha.sk\/depresia-z-nedostatku-svetla\/#Article","mainEntityOfPage":"https:\/\/www.nemha.sk\/depresia-z-nedostatku-svetla\/","headline":"Depresia z nedostatku svetla?","name":"Depresia z nedostatku svetla?","description":"Posledn\u00e9 mesiace som si v\u0161imla,\u017ee chod\u00edm domov st\u00e1le podr\u00e1\u017eden\u00e1. Naozaj som v\u0161ak nevedela, ak\u00fd to m\u00e1 d\u00f4vod. Nebudem klama\u0165, v\u00e1\u017ene som z toho bola celkom zmagoren\u00e1. Preto\u017ee doma bolo v\u0161etko tak, ako st\u00e1le. St\u00e1le rovnak\u00e1 v\u00f4\u0148a, ni\u010d mi tam nezap\u00e1chalo. V celku aj poriadok, \u010do som bola prekvapen\u00e1. A proste neviem pre\u010do, ale c\u00edtila som sa doma naozaj neust\u00e1le nejako [&hellip;]","datePublished":"2018-04-25","dateModified":"2024-02-20","author":{"@type":"Person","@id":"https:\/\/www.nemha.sk\/author\/devene\/#Person","name":"devene","url":"https:\/\/www.nemha.sk\/author\/devene\/","identifier":1,"image":{"@type":"ImageObject","@id":"https:\/\/secure.gravatar.com\/avatar\/2dfb47fe8ef5e1795dc8fdf9fc01f7f6e0de0c5b588d6a35abd2f00b6a65d2be?s=96&d=mm&r=g","url":"https:\/\/secure.gravatar.com\/avatar\/2dfb47fe8ef5e1795dc8fdf9fc01f7f6e0de0c5b588d6a35abd2f00b6a65d2be?s=96&d=mm&r=g","height":96,"width":96}},"publisher":{"@type":"Organization","name":"nemha.sk","logo":{"@type":"ImageObject","@id":"\/logo.png","url":"\/logo.png","width":600,"height":60}},"image":{"@type":"ImageObject","@id":"https:\/\/www.nemha.sk\/wp-content\/uploads\/img_a287876_w2010_t1526368239.jpg","url":"https:\/\/www.nemha.sk\/wp-content\/uploads\/img_a287876_w2010_t1526368239.jpg","height":0,"width":0},"url":"https:\/\/www.nemha.sk\/depresia-z-nedostatku-svetla\/","wordCount":403,"articleBody":"         Posledn\u00e9 mesiace som si v\u0161imla,\u017ee chod\u00edm domov st\u00e1le podr\u00e1\u017eden\u00e1. Naozaj som v\u0161ak nevedela, ak\u00fd to m\u00e1 d\u00f4vod. Nebudem klama\u0165, v\u00e1\u017ene som z toho bola celkom zmagoren\u00e1. Preto\u017ee doma bolo v\u0161etko tak, ako st\u00e1le. St\u00e1le rovnak\u00e1 v\u00f4\u0148a, ni\u010d mi tam nezap\u00e1chalo. V celku aj poriadok, \u010do som bola prekvapen\u00e1. A proste neviem pre\u010do, ale c\u00edtila som sa doma naozaj neust\u00e1le nejako otr\u00e1vene a podr\u00e1\u017edene. Nerozumela som tomu, ale vedela som, \u017ee mus\u00edm nejako vysk\u00fama\u0165, \u010do je vo veci a pre\u010do sa c\u00edtim tak, ako sa c\u00edtim. Za\u010dala som teda p\u00e1tra\u0165 po pr\u00ed\u010dine. Chodila som po byte a sledovala som, \u010do sa deje.Celkovo som nepri\u0161la na ni\u010d, \u010do by ma doma iritovalo.\u017diadny nevhodn\u00fd kus n\u00e1bytku. \u017diadna hl\u00fapos\u0165, ktor\u00e1 proste nevyzer\u00e1 dobre. A celkovo naozaj nebolo ni\u010d, \u010do by mi prek\u00e1\u017ealo. U\u017e som si o sebe za\u010dala myslie\u0165, \u017ee som tot\u00e1lne vadn\u00e1, ke\u010f mi to potom do\u0161lo. M\u00e1m doma neuverite\u013en\u00fa tmu. Naozaj tmisko. Alebo tmu tm\u00facu. Povedzte si to ako len chcete, ale verte tomu, \u017ee ma to rozhodilo. Vedela som, \u017ee to nie je dobr\u00e9 pre o\u010di, ale ani pre depresiu, ke\u010f\u017ee nedostatok svetla sp\u00f4sobuje melancholick\u00fa n\u00e1ladu. Tak\u017ee som sa rozhodla, \u017ee to mus\u00edm jednozna\u010dne zmeni\u0165.Ot\u00e1zka v\u0161ak bola, ako na to? Na trhu existuje to\u013eko svetiel, a\u017e je to \u00faplne smie\u0161ne a pr\u00e1ve preto som musela urobi\u0165 nie\u010do preto, aby som mala doma tie najlep\u0161ie. Najvychv\u00e1lenej\u0161ia technol\u00f3gia je v poslednej dobe pr\u00e1ve led https:\/\/www.ledprodukt.sk, tak\u017ee som sa rozhodla, \u017ee nie\u010do vysk\u00fa\u0161am. A mus\u00edm poveda\u0165, \u017ee som nikdy nebola s ni\u010d\u00edm tak ve\u013emi spokojn\u00e1. A nie je to len p\u00f3za, je to jednoducho fakt, ktor\u00fd proste \u010dlovek neoklame. Musela som by\u0165 spokojn\u00e1, preto\u017ee to svietilo pod\u013ea mojich predst\u00e1v a aby toho nebolo m\u00e1lo, naozaj som mala pocit, \u017ee m\u00e1m in\u00fa n\u00e1ladu, \u017ee sa proste c\u00edtim lep\u0161ie a pozit\u00edvnej\u0161ie naladen\u00e1. Tak\u017ee to asi m\u00e1 svoj vlastn\u00fd v\u00fdznam, no nie? Som fakt \u0161\u0165astn\u00e1 ako blcha a ver\u00edm, \u017ee bude ka\u017ed\u00fd, kto chce zmenu osvetlenia.                                                                                                                                                                                                                                                                                                                                                                                          3.7\/5 - (10 votes)        "},{"@context":"https:\/\/schema.org\/","@type":"BreadcrumbList","itemListElement":[{"@type":"ListItem","position":1,"name":"Depresia z nedostatku svetla?","item":"https:\/\/www.nemha.sk\/depresia-z-nedostatku-svetla\/#breadcrumbitem"}]}]